{"id":10353,"date":"2026-02-02T09:59:38","date_gmt":"2026-02-02T08:59:38","guid":{"rendered":"https:\/\/infinitteurope.com\/?p=10353"},"modified":"2026-09-02T13:33:44","modified_gmt":"2026-09-02T11:33:44","slug":"ecr-vienne-du-3-au-6-mars-2027","status":"publish","type":"post","link":"https:\/\/infinitteurope.com\/fr\/news\/ecr-vienne-du-3-au-6-mars-2027\/","title":{"rendered":"ECR, Vienne | Du 3 au 6 mars 2027"},"content":{"rendered":"\n<style type=\"text\/css\" data-created_by=\"avia_inline_auto\" id=\"style-css-av-783vey1-97a8f58fd2f4f2d25a74ff51c3517593\">\n.avia-section.av-783vey1-97a8f58fd2f4f2d25a74ff51c3517593{\nmargin-top:50px;\nmargin-bottom:0px;\n}\n<\/style>\n<div id='av_section_1'  class='avia-section av-783vey1-97a8f58fd2f4f2d25a74ff51c3517593 main_color avia-section-no-padding avia-no-border-styling  avia-builder-el-0  el_before_av_layout_row  avia-builder-el-first  avia-bg-style-scroll container_wrap fullsize'  ><div class='container av-section-cont-open' ><main  role=\"main\" itemprop=\"mainContentOfPage\"  class='template-page content  av-content-full alpha units'><div class='post-entry post-entry-type-page post-entry-10353'><div class='entry-content-wrapper clearfix'>\r\n<div  class='flex_column av-6pr2emh-7b8a0be9b0dac53899fa58df2f0f4f53 av_one_full  avia-builder-el-1  avia-builder-el-no-sibling  first flex_column_div  '     ><style type=\"text\/css\" data-created_by=\"avia_inline_auto\" id=\"style-css-av-mtjqhatc-bcf2fb2bb279e55b1b0aa4cdc352b149\">\n#top .av-special-heading.av-mtjqhatc-bcf2fb2bb279e55b1b0aa4cdc352b149{\npadding-bottom:10px;\n}\nbody .av-special-heading.av-mtjqhatc-bcf2fb2bb279e55b1b0aa4cdc352b149 .av-special-heading-tag .heading-char{\nfont-size:25px;\n}\n.av-special-heading.av-mtjqhatc-bcf2fb2bb279e55b1b0aa4cdc352b149 .av-subheading{\nfont-size:15px;\n}\n<\/style>\n<div  class='av-special-heading av-mtjqhatc-bcf2fb2bb279e55b1b0aa4cdc352b149 av-special-heading-h1  avia-builder-el-2  el_before_av_post_metadata  avia-builder-el-first '><h1 class='av-special-heading-tag'  itemprop=\"headline\"  >ECR, Vienne | Du 3 au 6 mars 2027<\/h1><div class=\"special-heading-border\"><div class=\"special-heading-inner-border\"><\/div><\/div><\/div>\n<div  class='av-post-metadata-container av-6e609d5-59c54181ab7c2049f48f68d85bf936b9 av-metadata-container-align-left  avia-builder-el-3  el_after_av_heading  avia-builder-el-last  av-metadata-container-1'><div class='av-post-metadata-container-inner'><span class=\"av-post-metadata-content av-post-metadata-meta-content\"><span class=\"av-post-metadata-content av-post-metadata-modified\"><span class=\"av-post-metadata-modified-date\" >2 septembre 2026<\/span><\/span><span class=\"av-post-metadata-content av-post-metadata-separator\">|<\/span><span class=\"av-post-metadata-content av-post-metadata-category\"><span class=\"av-metadata-before av-metadata-before-categories\">in<\/span><span class=\"av-post-metadata-category-link\" ><a href=\"https:\/\/infinitteurope.com\/fr\/category\/evenements\/\" >\u00c9v\u00e9nements<\/a><\/span><\/span><\/span><\/div><\/div><\/div>\r\n\r\n\r\n<\/div><\/div><\/main><!-- close content main element --><\/div><\/div><div id='av-layout-grid-1'  class='av-layout-grid-container av-4z0t93d-6302eb26f1c1d19a900eb82db825161b entry-content-wrapper main_color av-flex-cells  avia-builder-el-4  el_after_av_section  el_before_av_one_half  grid-row-not-first  container_wrap fullsize'  >\r\n<div class='flex_cell av-4hhh77t-7626dd2414a9798ece152dca4a82d33a av-gridrow-cell av_three_fifth no_margin  avia-builder-el-5  el_before_av_cell_two_fifth  avia-builder-el-first '  ><div class='flex_cell_inner'><p><div  class='flex_column av-3st26bt-f385ed974801645f95b8d8f7532448f2 av_one_full  avia-builder-el-6  el_before_av_one_full  avia-builder-el-first  first flex_column_div  '     ><section  class='av_textblock_section av-mtjqi6xe-923397e2a723eb117eb8795e53b45388 '   itemscope=\"itemscope\" itemtype=\"https:\/\/schema.org\/BlogPosting\" itemprop=\"blogPost\" ><div class='avia_textblock'  itemprop=\"text\" ><p>Venez nous rendre visite au salon ECR \u00e0 Vienne et d\u00e9couvrez nos solutions pour l&rsquo;imagerie m\u00e9dicale moderne et des flux de travail cliniques efficaces.<\/p>\n<p>\ud83d\udccd Stand : \u00e0 confirmer<\/p>\n<p>\u2709\ufe0f Prise de rendez-vous : sales@infinitteu.com<\/p>\n<\/div><\/section><\/div><div  class='flex_column av-3ctr0h5-cb3a29650345c1e2312ef8e3ec43eb15 av_one_full  avia-builder-el-8  el_after_av_one_full  avia-builder-el-last  first flex_column_div  column-top-margin'     ><div  class='avia-button-wrap av-2ze2gmh-4f3743810638eb004ac3d5c50a42d953-wrap avia-button-left  avia-builder-el-9  avia-builder-el-no-sibling '><a href='https:\/\/infinitteurope.com\/fr\/evenements\/'  class='avia-button av-2ze2gmh-4f3743810638eb004ac3d5c50a42d953 avia-icon_select-no avia-size-small avia-position-left avia-color-blue'  ><span class='avia_iconbox_title' >Tous les \u00e9v\u00e9nements<\/span><\/a><\/div><\/div><\/p>\n<\/div><\/div><div class='flex_cell av-2iydvmx-5463490e035f379ee7832e15453f59bc av-gridrow-cell av_two_fifth no_margin  avia-builder-el-10  el_after_av_cell_three_fifth  avia-builder-el-last '  ><div class='flex_cell_inner'><div  class='flex_column av-26a39m1-7aea09a8e60b8b6747ccb8452feba612 av_one_full  avia-builder-el-11  avia-builder-el-no-sibling  first flex_column_div  '     ><p>\n<style type=\"text\/css\" data-created_by=\"avia_inline_auto\" id=\"style-css-av-1pm4rbd-899e35019315efed0a9ff25e998d5552\">\n.avia-image-container.av-1pm4rbd-899e35019315efed0a9ff25e998d5552 img.avia_image{\nbox-shadow:none;\n}\n.avia-image-container.av-1pm4rbd-899e35019315efed0a9ff25e998d5552 .av-image-caption-overlay-center{\ncolor:#ffffff;\n}\n<\/style>\n<div  class='avia-image-container av-1pm4rbd-899e35019315efed0a9ff25e998d5552 av-styling- avia-align-center  avia-builder-el-12  el_before_av_social_share  avia-builder-el-first '   itemprop=\"image\" itemscope=\"itemscope\" itemtype=\"https:\/\/schema.org\/ImageObject\" ><div class=\"avia-image-container-inner\"><div class=\"avia-image-overlay-wrap\"><img decoding=\"async\" class='wp-image-10319 avia-img-lazy-loading-not-10319 avia_image ' src=\"https:\/\/infinitteurope.com\/wp-content\/uploads\/2026\/09\/ECR-2027.png\" alt='' title='ECR 2027'  height=\"800\" width=\"1200\"  itemprop=\"thumbnailUrl\" srcset=\"https:\/\/infinitteurope.com\/wp-content\/uploads\/2026\/09\/ECR-2027.png 1200w, https:\/\/infinitteurope.com\/wp-content\/uploads\/2026\/09\/ECR-2027-300x200.png 300w, https:\/\/infinitteurope.com\/wp-content\/uploads\/2026\/09\/ECR-2027-1030x687.png 1030w, https:\/\/infinitteurope.com\/wp-content\/uploads\/2026\/09\/ECR-2027-768x512.png 768w, https:\/\/infinitteurope.com\/wp-content\/uploads\/2026\/09\/ECR-2027-705x470.png 705w\" sizes=\"(max-width: 1200px) 100vw, 1200px\" \/><\/div><\/div><\/div><br \/>\n<div  class='av-social-sharing-box av-18dznm1-fa10d0bebfc0aab7134e89d3f56cc01d av-social-sharing-box-default  avia-builder-el-13  el_after_av_image  avia-builder-el-last  av-social-sharing-box-fullwidth'><div class=\"av-share-box\"><h5 class='av-share-link-description av-no-toc '>Partager une entr\u00e9e<\/h5><ul class=\"av-share-box-list noLightbox\"><li class='av-share-link av-social-link-facebook' ><a target=\"_blank\" aria-label=\"Partager sur Facebook\" href=\"https:\/\/www.facebook.com\/sharer.php?u=https:\/\/infinitteurope.com\/fr\/news\/ecr-vienne-du-3-au-6-mars-2027\/&amp;t=ECR%2C%20Vienne%20%7C%20Du%203%20au%206%20mars%202027\" aria-hidden=\"false\" data-av_icon=\"\ue8f3\" data-av_iconfont=\"entypo-fontello\" title=\"\" data-avia-related-tooltip=\"Partager sur Facebook\" rel=\"noopener\"><span class='avia_hidden_link_text'>Partager sur Facebook<\/span><\/a><\/li><li class='av-share-link av-social-link-twitter' ><a target=\"_blank\" aria-label=\"Partager sur Twitter\" href=\"https:\/\/twitter.com\/share?text=ECR%2C%20Vienne%20%7C%20Du%203%20au%206%20mars%202027&amp;url=https:\/\/infinitteurope.com\/fr\/?p=10353\" aria-hidden=\"false\" data-av_icon=\"\ue8f1\" data-av_iconfont=\"entypo-fontello\" title=\"\" data-avia-related-tooltip=\"Partager sur Twitter\" rel=\"noopener\"><span class='avia_hidden_link_text'>Partager sur Twitter<\/span><\/a><\/li><li class='av-share-link av-social-link-whatsapp' ><a target=\"_blank\" aria-label=\"Partager sur WhatsApp\" href=\"https:\/\/api.whatsapp.com\/send?text=https:\/\/infinitteurope.com\/fr\/news\/ecr-vienne-du-3-au-6-mars-2027\/\" aria-hidden=\"false\" data-av_icon=\"\uf232\" data-av_iconfont=\"entypo-fontello\" title=\"\" data-avia-related-tooltip=\"Partager sur WhatsApp\" rel=\"noopener\"><span class='avia_hidden_link_text'>Partager sur WhatsApp<\/span><\/a><\/li><li class='av-share-link av-social-link-linkedin' ><a target=\"_blank\" aria-label=\"Partager sur LinkedIn\" href=\"https:\/\/linkedin.com\/shareArticle?mini=true&amp;title=ECR%2C%20Vienne%20%7C%20Du%203%20au%206%20mars%202027&amp;url=https:\/\/infinitteurope.com\/fr\/news\/ecr-vienne-du-3-au-6-mars-2027\/\" aria-hidden=\"false\" data-av_icon=\"\ue8fc\" data-av_iconfont=\"entypo-fontello\" title=\"\" data-avia-related-tooltip=\"Partager sur LinkedIn\" rel=\"noopener\"><span class='avia_hidden_link_text'>Partager sur LinkedIn<\/span><\/a><\/li><\/ul><\/div><\/div><\/p><\/div>\n<\/div><\/div>\r\n<\/div><div id='after_grid_row_1'  class='main_color av_default_container_wrap container_wrap fullsize'  ><div class='container av-section-cont-open' ><div class='template-page content  av-content-full alpha units'><div class='post-entry post-entry-type-page post-entry-10353'><div class='entry-content-wrapper clearfix'><div  class='flex_column av-rgsxft-429f2ebfbbe44de74b8a9520a2b313a3 av_one_half  avia-builder-el-14  el_after_av_layout_row  avia-builder-el-no-sibling  first flex_column_div  '     ><\/div>","protected":false},"excerpt":{"rendered":"<p>Venez nous rendre visite au salon ECR, au stand TBA, et d\u00e9couvrez nos solutions d&rsquo;imagerie m\u00e9dicale de pointe et nos flux de travail cliniques efficaces.<\/p>\n","protected":false},"author":2,"featured_media":10319,"comment_status":"closed","ping_status":"closed","sticky":false,"template":"","format":"standard","meta":{"_acf_changed":false,"footnotes":""},"categories":[90],"tags":[210,209,156,178],"class_list":["post-10353","post","type-post","status-publish","format-standard","has-post-thumbnail","hentry","category-evenements","tag-congres-europeen-de-radiologie","tag-ecr","tag-pacs","tag-radiologie"],"acf":[],"yoast_head":"<!-- This site is optimized with the Yoast SEO plugin v28.4 - https:\/\/yoast.com\/product\/yoast-seo-wordpress\/ -->\n<title>ECR, Vienne | Du 3 au 6 mars 2027 - infinitteurope<\/title>\n<meta name=\"description\" content=\"Venez nous rendre visite du 3 au 6 mars 2027 sur notre stand \u00e0 l&#039;ECR. D\u00e9couvrez notre syst\u00e8me innovant INFINITT PACS G7.\" \/>\n<meta name=\"robots\" content=\"index, follow, max-snippet:-1, max-image-preview:large, max-video-preview:-1\" \/>\n<link rel=\"canonical\" href=\"https:\/\/infinitteurope.com\/fr\/news\/ecr-vienne-du-3-au-6-mars-2027\/\" \/>\n<meta property=\"og:locale\" content=\"fr_FR\" \/>\n<meta property=\"og:type\" content=\"article\" \/>\n<meta property=\"og:title\" content=\"ECR, Vienne | Du 3 au 6 mars 2027 - infinitteurope\" \/>\n<meta property=\"og:description\" content=\"Venez nous rendre visite du 3 au 6 mars 2027 sur notre stand \u00e0 l&#039;ECR. D\u00e9couvrez notre syst\u00e8me innovant INFINITT PACS G7.\" \/>\n<meta property=\"og:url\" content=\"https:\/\/infinitteurope.com\/fr\/news\/ecr-vienne-du-3-au-6-mars-2027\/\" \/>\n<meta property=\"og:site_name\" content=\"infinitteurope\" \/>\n<meta property=\"article:published_time\" content=\"2026-02-02T08:59:38+00:00\" \/>\n<meta property=\"article:modified_time\" content=\"2026-09-02T11:33:44+00:00\" \/>\n<meta property=\"og:image\" content=\"https:\/\/infinitteurope.com\/wp-content\/uploads\/2026\/09\/ECR-2027.png\" \/>\n\t<meta property=\"og:image:width\" content=\"1200\" \/>\n\t<meta property=\"og:image:height\" content=\"800\" \/>\n\t<meta property=\"og:image:type\" content=\"image\/png\" \/>\n<meta name=\"author\" content=\"Gabriela Schuette\" \/>\n<meta name=\"twitter:card\" content=\"summary_large_image\" \/>\n<meta name=\"twitter:label1\" content=\"\u00c9crit par\" \/>\n\t<meta name=\"twitter:data1\" content=\"Gabriela Schuette\" \/>\n\t<meta name=\"twitter:label2\" content=\"Dur\u00e9e de lecture estim\u00e9e\" \/>\n\t<meta name=\"twitter:data2\" content=\"1 minute\" \/>\n<script type=\"application\/ld+json\" class=\"yoast-schema-graph\">{\"@context\":\"https:\\\/\\\/schema.org\",\"@graph\":[{\"@type\":\"Article\",\"@id\":\"https:\\\/\\\/infinitteurope.com\\\/fr\\\/news\\\/ecr-vienne-du-3-au-6-mars-2027\\\/#article\",\"isPartOf\":{\"@id\":\"https:\\\/\\\/infinitteurope.com\\\/fr\\\/news\\\/ecr-vienne-du-3-au-6-mars-2027\\\/\"},\"author\":{\"name\":\"Gabriela Schuette\",\"@id\":\"https:\\\/\\\/infinitteurope.com\\\/fr\\\/#\\\/schema\\\/person\\\/22208ea0860cfee811d73238d53cc33c\"},\"headline\":\"ECR, Vienne | Du 3 au 6 mars 2027\",\"datePublished\":\"2026-02-02T08:59:38+00:00\",\"dateModified\":\"2026-09-02T11:33:44+00:00\",\"mainEntityOfPage\":{\"@id\":\"https:\\\/\\\/infinitteurope.com\\\/fr\\\/news\\\/ecr-vienne-du-3-au-6-mars-2027\\\/\"},\"wordCount\":3037,\"publisher\":{\"@id\":\"https:\\\/\\\/infinitteurope.com\\\/fr\\\/#organization\"},\"image\":{\"@id\":\"https:\\\/\\\/infinitteurope.com\\\/fr\\\/news\\\/ecr-vienne-du-3-au-6-mars-2027\\\/#primaryimage\"},\"thumbnailUrl\":\"https:\\\/\\\/infinitteurope.com\\\/wp-content\\\/uploads\\\/2026\\\/09\\\/ECR-2027.png\",\"keywords\":[\"Congr\u00e8s europ\u00e9en de radiologie\",\"ECR\",\"PACS\",\"Radiologie\"],\"articleSection\":[\"\u00c9v\u00e9nements\"],\"inLanguage\":\"fr-FR\"},{\"@type\":\"WebPage\",\"@id\":\"https:\\\/\\\/infinitteurope.com\\\/fr\\\/news\\\/ecr-vienne-du-3-au-6-mars-2027\\\/\",\"url\":\"https:\\\/\\\/infinitteurope.com\\\/fr\\\/news\\\/ecr-vienne-du-3-au-6-mars-2027\\\/\",\"name\":\"ECR, Vienne | Du 3 au 6 mars 2027 - infinitteurope\",\"isPartOf\":{\"@id\":\"https:\\\/\\\/infinitteurope.com\\\/fr\\\/#website\"},\"primaryImageOfPage\":{\"@id\":\"https:\\\/\\\/infinitteurope.com\\\/fr\\\/news\\\/ecr-vienne-du-3-au-6-mars-2027\\\/#primaryimage\"},\"image\":{\"@id\":\"https:\\\/\\\/infinitteurope.com\\\/fr\\\/news\\\/ecr-vienne-du-3-au-6-mars-2027\\\/#primaryimage\"},\"thumbnailUrl\":\"https:\\\/\\\/infinitteurope.com\\\/wp-content\\\/uploads\\\/2026\\\/09\\\/ECR-2027.png\",\"datePublished\":\"2026-02-02T08:59:38+00:00\",\"dateModified\":\"2026-09-02T11:33:44+00:00\",\"description\":\"Venez nous rendre visite du 3 au 6 mars 2027 sur notre stand \u00e0 l'ECR. D\u00e9couvrez notre syst\u00e8me innovant INFINITT PACS G7.\",\"breadcrumb\":{\"@id\":\"https:\\\/\\\/infinitteurope.com\\\/fr\\\/news\\\/ecr-vienne-du-3-au-6-mars-2027\\\/#breadcrumb\"},\"inLanguage\":\"fr-FR\",\"potentialAction\":[{\"@type\":\"ReadAction\",\"target\":[\"https:\\\/\\\/infinitteurope.com\\\/fr\\\/news\\\/ecr-vienne-du-3-au-6-mars-2027\\\/\"]}]},{\"@type\":\"ImageObject\",\"inLanguage\":\"fr-FR\",\"@id\":\"https:\\\/\\\/infinitteurope.com\\\/fr\\\/news\\\/ecr-vienne-du-3-au-6-mars-2027\\\/#primaryimage\",\"url\":\"https:\\\/\\\/infinitteurope.com\\\/wp-content\\\/uploads\\\/2026\\\/09\\\/ECR-2027.png\",\"contentUrl\":\"https:\\\/\\\/infinitteurope.com\\\/wp-content\\\/uploads\\\/2026\\\/09\\\/ECR-2027.png\",\"width\":1200,\"height\":800},{\"@type\":\"BreadcrumbList\",\"@id\":\"https:\\\/\\\/infinitteurope.com\\\/fr\\\/news\\\/ecr-vienne-du-3-au-6-mars-2027\\\/#breadcrumb\",\"itemListElement\":[{\"@type\":\"ListItem\",\"position\":1,\"name\":\"Startseite\",\"item\":\"https:\\\/\\\/infinitteurope.com\\\/fr\\\/\"},{\"@type\":\"ListItem\",\"position\":2,\"name\":\"ECR, Vienne | Du 3 au 6 mars 2027\"}]},{\"@type\":\"WebSite\",\"@id\":\"https:\\\/\\\/infinitteurope.com\\\/fr\\\/#website\",\"url\":\"https:\\\/\\\/infinitteurope.com\\\/fr\\\/\",\"name\":\"infinitteurope\",\"description\":\"\",\"publisher\":{\"@id\":\"https:\\\/\\\/infinitteurope.com\\\/fr\\\/#organization\"},\"potentialAction\":[{\"@type\":\"SearchAction\",\"target\":{\"@type\":\"EntryPoint\",\"urlTemplate\":\"https:\\\/\\\/infinitteurope.com\\\/fr\\\/?s={search_term_string}\"},\"query-input\":{\"@type\":\"PropertyValueSpecification\",\"valueRequired\":true,\"valueName\":\"search_term_string\"}}],\"inLanguage\":\"fr-FR\"},{\"@type\":\"Organization\",\"@id\":\"https:\\\/\\\/infinitteurope.com\\\/fr\\\/#organization\",\"name\":\"Infinitt Europe GmbH\",\"url\":\"https:\\\/\\\/infinitteurope.com\\\/fr\\\/\",\"logo\":{\"@type\":\"ImageObject\",\"inLanguage\":\"fr-FR\",\"@id\":\"https:\\\/\\\/infinitteurope.com\\\/fr\\\/#\\\/schema\\\/logo\\\/image\\\/\",\"url\":\"https:\\\/\\\/infinitteurope.com\\\/wp-content\\\/uploads\\\/2024\\\/07\\\/ieu_logo_blue-bg-white.jpg\",\"contentUrl\":\"https:\\\/\\\/infinitteurope.com\\\/wp-content\\\/uploads\\\/2024\\\/07\\\/ieu_logo_blue-bg-white.jpg\",\"width\":600,\"height\":600,\"caption\":\"Infinitt Europe GmbH\"},\"image\":{\"@id\":\"https:\\\/\\\/infinitteurope.com\\\/fr\\\/#\\\/schema\\\/logo\\\/image\\\/\"}},{\"@type\":\"Person\",\"@id\":\"https:\\\/\\\/infinitteurope.com\\\/fr\\\/#\\\/schema\\\/person\\\/22208ea0860cfee811d73238d53cc33c\",\"name\":\"Gabriela Schuette\"}]}<\/script>\n<!-- \/ Yoast SEO plugin. -->","yoast_head_json":{"title":"ECR, Vienne | Du 3 au 6 mars 2027 - infinitteurope","description":"Venez nous rendre visite du 3 au 6 mars 2027 sur notre stand \u00e0 l'ECR. D\u00e9couvrez notre syst\u00e8me innovant INFINITT PACS G7.","robots":{"index":"index","follow":"follow","max-snippet":"max-snippet:-1","max-image-preview":"max-image-preview:large","max-video-preview":"max-video-preview:-1"},"canonical":"https:\/\/infinitteurope.com\/fr\/news\/ecr-vienne-du-3-au-6-mars-2027\/","og_locale":"fr_FR","og_type":"article","og_title":"ECR, Vienne | Du 3 au 6 mars 2027 - infinitteurope","og_description":"Venez nous rendre visite du 3 au 6 mars 2027 sur notre stand \u00e0 l'ECR. D\u00e9couvrez notre syst\u00e8me innovant INFINITT PACS G7.","og_url":"https:\/\/infinitteurope.com\/fr\/news\/ecr-vienne-du-3-au-6-mars-2027\/","og_site_name":"infinitteurope","article_published_time":"2026-02-02T08:59:38+00:00","article_modified_time":"2026-09-02T11:33:44+00:00","og_image":[{"width":1200,"height":800,"url":"https:\/\/infinitteurope.com\/wp-content\/uploads\/2026\/09\/ECR-2027.png","type":"image\/png"}],"author":"Gabriela Schuette","twitter_card":"summary_large_image","twitter_misc":{"\u00c9crit par":"Gabriela Schuette","Dur\u00e9e de lecture estim\u00e9e":"1 minute"},"schema":{"@context":"https:\/\/schema.org","@graph":[{"@type":"Article","@id":"https:\/\/infinitteurope.com\/fr\/news\/ecr-vienne-du-3-au-6-mars-2027\/#article","isPartOf":{"@id":"https:\/\/infinitteurope.com\/fr\/news\/ecr-vienne-du-3-au-6-mars-2027\/"},"author":{"name":"Gabriela Schuette","@id":"https:\/\/infinitteurope.com\/fr\/#\/schema\/person\/22208ea0860cfee811d73238d53cc33c"},"headline":"ECR, Vienne | Du 3 au 6 mars 2027","datePublished":"2026-02-02T08:59:38+00:00","dateModified":"2026-09-02T11:33:44+00:00","mainEntityOfPage":{"@id":"https:\/\/infinitteurope.com\/fr\/news\/ecr-vienne-du-3-au-6-mars-2027\/"},"wordCount":3037,"publisher":{"@id":"https:\/\/infinitteurope.com\/fr\/#organization"},"image":{"@id":"https:\/\/infinitteurope.com\/fr\/news\/ecr-vienne-du-3-au-6-mars-2027\/#primaryimage"},"thumbnailUrl":"https:\/\/infinitteurope.com\/wp-content\/uploads\/2026\/09\/ECR-2027.png","keywords":["Congr\u00e8s europ\u00e9en de radiologie","ECR","PACS","Radiologie"],"articleSection":["\u00c9v\u00e9nements"],"inLanguage":"fr-FR"},{"@type":"WebPage","@id":"https:\/\/infinitteurope.com\/fr\/news\/ecr-vienne-du-3-au-6-mars-2027\/","url":"https:\/\/infinitteurope.com\/fr\/news\/ecr-vienne-du-3-au-6-mars-2027\/","name":"ECR, Vienne | Du 3 au 6 mars 2027 - infinitteurope","isPartOf":{"@id":"https:\/\/infinitteurope.com\/fr\/#website"},"primaryImageOfPage":{"@id":"https:\/\/infinitteurope.com\/fr\/news\/ecr-vienne-du-3-au-6-mars-2027\/#primaryimage"},"image":{"@id":"https:\/\/infinitteurope.com\/fr\/news\/ecr-vienne-du-3-au-6-mars-2027\/#primaryimage"},"thumbnailUrl":"https:\/\/infinitteurope.com\/wp-content\/uploads\/2026\/09\/ECR-2027.png","datePublished":"2026-02-02T08:59:38+00:00","dateModified":"2026-09-02T11:33:44+00:00","description":"Venez nous rendre visite du 3 au 6 mars 2027 sur notre stand \u00e0 l'ECR. D\u00e9couvrez notre syst\u00e8me innovant INFINITT PACS G7.","breadcrumb":{"@id":"https:\/\/infinitteurope.com\/fr\/news\/ecr-vienne-du-3-au-6-mars-2027\/#breadcrumb"},"inLanguage":"fr-FR","potentialAction":[{"@type":"ReadAction","target":["https:\/\/infinitteurope.com\/fr\/news\/ecr-vienne-du-3-au-6-mars-2027\/"]}]},{"@type":"ImageObject","inLanguage":"fr-FR","@id":"https:\/\/infinitteurope.com\/fr\/news\/ecr-vienne-du-3-au-6-mars-2027\/#primaryimage","url":"https:\/\/infinitteurope.com\/wp-content\/uploads\/2026\/09\/ECR-2027.png","contentUrl":"https:\/\/infinitteurope.com\/wp-content\/uploads\/2026\/09\/ECR-2027.png","width":1200,"height":800},{"@type":"BreadcrumbList","@id":"https:\/\/infinitteurope.com\/fr\/news\/ecr-vienne-du-3-au-6-mars-2027\/#breadcrumb","itemListElement":[{"@type":"ListItem","position":1,"name":"Startseite","item":"https:\/\/infinitteurope.com\/fr\/"},{"@type":"ListItem","position":2,"name":"ECR, Vienne | Du 3 au 6 mars 2027"}]},{"@type":"WebSite","@id":"https:\/\/infinitteurope.com\/fr\/#website","url":"https:\/\/infinitteurope.com\/fr\/","name":"infinitteurope","description":"","publisher":{"@id":"https:\/\/infinitteurope.com\/fr\/#organization"},"potentialAction":[{"@type":"SearchAction","target":{"@type":"EntryPoint","urlTemplate":"https:\/\/infinitteurope.com\/fr\/?s={search_term_string}"},"query-input":{"@type":"PropertyValueSpecification","valueRequired":true,"valueName":"search_term_string"}}],"inLanguage":"fr-FR"},{"@type":"Organization","@id":"https:\/\/infinitteurope.com\/fr\/#organization","name":"Infinitt Europe GmbH","url":"https:\/\/infinitteurope.com\/fr\/","logo":{"@type":"ImageObject","inLanguage":"fr-FR","@id":"https:\/\/infinitteurope.com\/fr\/#\/schema\/logo\/image\/","url":"https:\/\/infinitteurope.com\/wp-content\/uploads\/2024\/07\/ieu_logo_blue-bg-white.jpg","contentUrl":"https:\/\/infinitteurope.com\/wp-content\/uploads\/2024\/07\/ieu_logo_blue-bg-white.jpg","width":600,"height":600,"caption":"Infinitt Europe GmbH"},"image":{"@id":"https:\/\/infinitteurope.com\/fr\/#\/schema\/logo\/image\/"}},{"@type":"Person","@id":"https:\/\/infinitteurope.com\/fr\/#\/schema\/person\/22208ea0860cfee811d73238d53cc33c","name":"Gabriela Schuette"}]}},"_links":{"self":[{"href":"https:\/\/infinitteurope.com\/fr\/wp-json\/wp\/v2\/posts\/10353","targetHints":{"allow":["GET"]}}],"collection":[{"href":"https:\/\/infinitteurope.com\/fr\/wp-json\/wp\/v2\/posts"}],"about":[{"href":"https:\/\/infinitteurope.com\/fr\/wp-json\/wp\/v2\/types\/post"}],"author":[{"embeddable":true,"href":"https:\/\/infinitteurope.com\/fr\/wp-json\/wp\/v2\/users\/2"}],"replies":[{"embeddable":true,"href":"https:\/\/infinitteurope.com\/fr\/wp-json\/wp\/v2\/comments?post=10353"}],"version-history":[{"count":4,"href":"https:\/\/infinitteurope.com\/fr\/wp-json\/wp\/v2\/posts\/10353\/revisions"}],"predecessor-version":[{"id":10364,"href":"https:\/\/infinitteurope.com\/fr\/wp-json\/wp\/v2\/posts\/10353\/revisions\/10364"}],"wp:featuredmedia":[{"embeddable":true,"href":"https:\/\/infinitteurope.com\/fr\/wp-json\/wp\/v2\/media\/10319"}],"wp:attachment":[{"href":"https:\/\/infinitteurope.com\/fr\/wp-json\/wp\/v2\/media?parent=10353"}],"wp:term":[{"taxonomy":"category","embeddable":true,"href":"https:\/\/infinitteurope.com\/fr\/wp-json\/wp\/v2\/categories?post=10353"},{"taxonomy":"post_tag","embeddable":true,"href":"https:\/\/infinitteurope.com\/fr\/wp-json\/wp\/v2\/tags?post=10353"}],"curies":[{"name":"wp","href":"https:\/\/api.w.org\/{rel}","templated":true}]}}